{"id":6773,"date":"2022-04-21T00:56:18","date_gmt":"2022-04-20T21:56:18","guid":{"rendered":"https:\/\/www.buradasin.com\/?p=6773"},"modified":"2025-01-20T10:29:03","modified_gmt":"2025-01-20T07:29:03","slug":"sarisu-kadinlar-plaji-gezi-rehberi","status":"publish","type":"post","link":"https:\/\/buradasin.com.tr\/gezi\/sarisu-kadinlar-plaji-gezi-rehberi\/","title":{"rendered":"Sar\u0131su Kad\u0131nlar Plaj\u0131 Gezi Rehberi"},"content":{"rendered":"<p>Konyaalt\u0131 \u2013 Kemer Karayolu \u00fczerinde bulunan Sar\u0131su Kad\u0131nlar Plaj\u0131 16 A\u011fustostos 2014 tarihinde a\u00e7\u0131lm\u0131\u015ft\u0131r. 77 d\u00f6n\u00fcm \u00fczerine kurulu 400 metre sahili olan, i\u00e7erisinde kad\u0131nlarin her t\u00fcrl\u00fc ihtiyac\u0131na cevap veren Turkiye\u2019nin ilk ve tek kad\u0131n ya\u015fam alan\u0131d\u0131r.<\/p>\n<p>Kad\u0131nlar plaj\u0131nda G\u00fcvenlik G\u00f6revlileri, Cankurtaranlar ve Temizlik G\u00f6revlileri hizmet vermektedir. Yaz d\u00f6neminde saat 08:00-18:00 aras\u0131 kad\u0131nlar\u0131m\u0131za, saat 18:00`den sonra ise t\u00fcm halk\u0131m\u0131za hizmet vermekteyiz. K\u0131\u015f d\u00f6nemin de ise saat 08:00 den itibaren herkese a\u00e7\u0131kt\u0131r.<\/p>\n<p>Plaj k\u0131yafetleri (Mayo, Bikini ve Ha\u015fema) harici k\u0131yafetlerle deniz ve plaj kullan\u0131m\u0131 yap\u0131lmamaktad\u0131r. 9 ya\u015f \u00fczeri erkek \u00e7ocuk kabul edilmemektedir.<\/p>\n<p>Alan\u0131m\u0131z i\u00e7erisinde Spa Merkezi (Hamam, Sauna, Buhar Banyosu, Masaj, Kuaf\u00f6r) Cafe, Pastane, Bal\u0131k ve Et Restoran\u0131, K\u0131r Bah\u00e7esi, Pide F\u0131r\u0131n\u0131, Butik, Asmek El Eme\u011fi \u00fcr\u00fcnleri yer almaktad\u0131r.<\/p>\n<p>\u0130\u015fletmemizde yaz sezonu boyunca, Pazartesi, \u00c7ar\u015famba ve Cuma g\u00fcnleri spor e\u011fitmenleri e\u015fli\u011finde aerobik ve zumba \u00e7al\u0131\u015fmas\u0131 yap\u0131lacakt\u0131r.<\/p>\n<p>Kad\u0131nlar plaj\u0131 piknik alan\u0131 olmad\u0131\u011f\u0131 i\u00e7in, alan i\u00e7erisine d\u0131\u015far\u0131dan Tencere Yeme\u011fi, K\u0131zartma,K\u0131s\u0131r ve benzeri yiyecekler ile Karpuz, Kavun gibi meyveler getirilmemesi rica olunur. Aparatif yiyecekler (Sandwich, Ekmek Aras\u0131 Yiyecekler, Bisk\u00fcvi ve benzeri) ve 1,5 litreye kadar i\u00e7ecekler kabul edilmektedir. T\u00fcm alan i\u00e7erisinde Piknik ve Mangal yap\u0131lmas\u0131 yasakt\u0131r.<\/p>\n<p>&nbsp;<\/p>\n<p>Alan\u0131m\u0131zda Spor Aletleri, Masa Tenisi, Plaj Voleybolu, Basketbol Sahas\u0131, Kum Banyosu, \u00c7ocuk Oyun Park\u0131, Engelli \u00c7ocuk Park\u0131 \u00fcnitelerimiz mevcuttur. Engelli vatanda\u015flar\u0131m\u0131z i\u00e7in y\u00fcr\u00fcy\u00fc\u015f yolu ve denize giri\u015f imkan\u0131 bulunmaktad\u0131r.<\/p>\n<p>Sadece kad\u0131nlar\u0131n gidebilece\u011fi ve sadece kad\u0131nlar\u0131n denize girebilece\u011fi bir sosyal tesis buras\u0131. Bu Tesisin As\u0131l ad\u0131 Sar\u0131su kad\u0131nlar plaj\u0131 ama Antalya Kad\u0131nlar Plaj\u0131 olarakta ge\u00e7mektedir. Sar\u0131su sosyal tesisin a\u00e7\u0131l\u0131\u015f\u0131n\u0131 Ak Partili Belediye Ba\u015fkan\u0131 Menderes T\u00fcrel yapm\u0131\u015ft\u0131r. Bu yaz\u0131m\u0131z da elimizden geldi\u011fince antalya sar\u0131su plaj\u0131 hakk\u0131nda kafan\u0131za tak\u0131lan soru i\u015faretlerine cevap bulmaya \u00e7al\u0131\u015faca\u011f\u0131z. Merak etti\u011finiz sorular\u0131 bu ba\u015fl\u0131k alt\u0131nda elimizden geldi\u011fince a\u00e7\u0131kl\u0131k getirmeye \u00e7al\u0131\u015ft\u0131k.<\/p>\n<figure id=\"attachment_8813\" aria-describedby=\"caption-attachment-8813\" style=\"width: 560px\" class=\"wp-caption aligncenter\"><img loading=\"lazy\" decoding=\"async\" class=\"size-full wp-image-8813\" src=\"https:\/\/buradasin.com.tr\/gezi\/wp-content\/uploads\/2020\/02\/Sarisi-Kadinlar-Plaji.jpg\" alt=\"Sar\u0131su Kad\u0131nlar Plaj\u0131 \" width=\"560\" height=\"373\" srcset=\"https:\/\/buradasin.com.tr\/gezi\/wp-content\/uploads\/2020\/02\/Sarisi-Kadinlar-Plaji.jpg 560w, https:\/\/buradasin.com.tr\/gezi\/wp-content\/uploads\/2020\/02\/Sarisi-Kadinlar-Plaji-300x200.jpg 300w, https:\/\/buradasin.com.tr\/gezi\/wp-content\/uploads\/2020\/02\/Sarisi-Kadinlar-Plaji-360x240.jpg 360w, https:\/\/buradasin.com.tr\/gezi\/wp-content\/uploads\/2020\/02\/Sarisi-Kadinlar-Plaji-545x363.jpg 545w\" sizes=\"auto, (max-width: 560px) 100vw, 560px\" \/><figcaption id=\"caption-attachment-8813\" class=\"wp-caption-text\">Sar\u0131su Kad\u0131nlar Plaj\u0131<\/figcaption><\/figure>\n<p><strong><br \/>\nHizmet Kapasitesi Nedir?<\/strong><\/p>\n<p>300 \u015fezlong, 150 \u015femsiye, 150 sehpa, du\u015f, tuvalet ve soyunma kabinleriyle kad\u0131n ziyaret\u00e7ilerine en iyi hizmeti vermeye \u00e7al\u0131\u015fm\u0131\u015flar.<\/p>\n<p>Ayn\u0131 zamanda bir sosyal tesis ve ya\u015fam alan\u0131 olarak d\u00fczenlenen Sar\u0131su Kad\u0131nlar Plaj\u0131 b\u00fcnyesinde; kebab evi, bal\u0131k evi, k\u0131r bah\u00e7esi, sahil b\u00fcfe, market, 6 d\u00fckkandan olu\u015fan Sar\u0131su \u00e7ar\u015f\u0131s\u0131, \u00e7ocuk oyun park\u0131, spor park\u0131 ve mescit bulunmakta.<\/p>\n<p><strong>Engelliler \u0130\u00e7in Hizmet Verilecek<\/strong><\/p>\n<p>Engellilerin de unutulmad\u0131\u011f\u0131 bu tesiste engellilere plaj ve \u00f6zel tuvalet yap\u0131ld\u0131. Peyzaj d\u00fczenlemesi ile \u00e7i\u00e7ek bah\u00e7esine d\u00f6n\u00fc\u015ft\u00fcr\u00fclen Antalya Kad\u0131nlar Plaj\u0131, kentin yeni sosyal ya\u015fam merkezi haline getirildi.<br \/>\n<strong><br \/>\n\u00c7al\u0131\u015fanlar Kad\u0131n m\u0131?<\/strong><\/p>\n<p>Tesiste ki, cankurtaran, g\u00fcvenlik g\u00f6revlileri, mali i\u015flerden sorumlu t\u00fcm \u00e7al\u0131\u015fanlar da dahil hepsi kad\u0131nlardan olu\u015fmaktad\u0131r.<\/p>\n<p><strong>Plaj G\u00fcvenli Mi ? \/ G\u00f6zlerden Ne Kadar Uzak ?<\/strong><\/p>\n<p>Antalya\u2019da yap\u0131m\u0131 tamamlanan Kad\u0131nlar Plaj\u0131, y\u00fcksekten ve sahilden g\u00f6r\u00fclemeyecek \u015fekilde \u00c7am A\u011fa\u00e7lar\u0131yla tamamen kapat\u0131ld\u0131. Ayr\u0131ca denizden de g\u00f6r\u00fcnt\u00fc al\u0131nmamas\u0131 i\u00e7in belirli bir mesaafen sonra plaja yakla\u015f\u0131lmas\u0131 yasak oldu\u011fu edinilen bilgiler aras\u0131nda.<br \/>\n<strong><br \/>\nAntalya Sar\u0131su Kad\u0131nlar Plaj\u0131 \u00c7al\u0131\u015fma Saatleri ?<\/strong><\/p>\n<p>G\u00fcnd\u00fcz 08.00 ile 19.00 saatleri aras\u0131 kad\u0131nlara \u00f6zel hizmet vermektedir.<\/p>\n<p>Tesis ayr\u0131ca 19.00- 24.00 saatleri aras\u0131nda ise karma olarak ailelerin bulu\u015fma noktas\u0131.<br \/>\n<strong><br \/>\nAntalya Sar\u0131su Kad\u0131nlar Plaj\u0131 Giri\u015f \u00dccreti ?<\/strong><\/p>\n<p>Plaj hizmetlerinin \u015fimdilik \u00fccretsiz oldu\u011fu a\u00e7\u0131kland\u0131. \u00dccret al\u0131m\u0131 hakk\u0131nda en g\u00fcncel bilgiyi ANET A\u015e. \u2018 den alabilirsiniz.<\/p>\n<p><strong>Antalya Sar\u0131su Kad\u0131nlar Plaj\u0131 Nerede Nas\u0131l Gidilir ?<\/strong><\/p>\n<p>Nas\u0131l Gidilir?: Antalya, Konyaalt\u0131 il\u00e7esindeki Sar\u0131su\u2019da toplu ula\u015f\u0131m ara\u00e7lar\u0131n\u0131n son dura\u011f\u0131nda olmas\u0131 nedeniyle Kad\u0131nlar Plaj\u0131\u2019na ula\u015f\u0131m gayet kolay.<\/p>\n<p>Ayr\u0131ca edindi\u011fimiz bilgiye g\u00f6re Kad\u0131nlar, aktarmal\u0131 ula\u015f\u0131m\u0131n iptal edilerek hatlar\u0131n birle\u015ftirilmesiyle,<br \/>\nkentin t\u00fcm noktalar\u0131ndan tek otob\u00fcsle Kad\u0131nlar Plaj\u0131\u2019na ula\u015fabilecek.<\/p>\n","protected":false},"excerpt":{"rendered":"<p>Konyaalt\u0131 \u2013 Kemer Karayolu \u00fczerinde bulunan Sar\u0131su Kad\u0131nlar Plaj\u0131 16 A\u011fustostos 2014 tarihinde a\u00e7\u0131lm\u0131\u015ft\u0131r. 77 d\u00f6n\u00fcm \u00fczerine kurulu 400 metre sahili olan, i\u00e7erisinde kad\u0131nlarin her t\u00fcrl\u00fc ihtiyac\u0131na cevap veren Turkiye\u2019nin ilk ve tek kad\u0131n ya\u015fam alan\u0131d\u0131r. Kad\u0131nlar plaj\u0131nda G\u00fcvenlik G\u00f6revlileri, Cankurtaranlar ve Temizlik G\u00f6revlileri hizmet vermektedir. Yaz d\u00f6neminde saat 08:00-18:00 aras\u0131 kad\u0131nlar\u0131m\u0131za, saat 18:00`den sonra&#8230;<\/p>\n","protected":false},"author":2,"featured_media":11194,"comment_status":"open","ping_status":"open","sticky":false,"template":"","format":"standard","meta":{"footnotes":""},"categories":[66,142],"tags":[770],"class_list":["post-6773","post","type-post","status-publish","format-standard","has-post-thumbnail","hentry","category-antalya","category-plaj-koylar","tag-antalya"],"aioseo_notices":[],"_links":{"self":[{"href":"https:\/\/buradasin.com.tr\/gezi\/wp-json\/wp\/v2\/posts\/6773","targetHints":{"allow":["GET"]}}],"collection":[{"href":"https:\/\/buradasin.com.tr\/gezi\/wp-json\/wp\/v2\/posts"}],"about":[{"href":"https:\/\/buradasin.com.tr\/gezi\/wp-json\/wp\/v2\/types\/post"}],"author":[{"embeddable":true,"href":"https:\/\/buradasin.com.tr\/gezi\/wp-json\/wp\/v2\/users\/2"}],"replies":[{"embeddable":true,"href":"https:\/\/buradasin.com.tr\/gezi\/wp-json\/wp\/v2\/comments?post=6773"}],"version-history":[{"count":6,"href":"https:\/\/buradasin.com.tr\/gezi\/wp-json\/wp\/v2\/posts\/6773\/revisions"}],"predecessor-version":[{"id":11985,"href":"https:\/\/buradasin.com.tr\/gezi\/wp-json\/wp\/v2\/posts\/6773\/revisions\/11985"}],"wp:featuredmedia":[{"embeddable":true,"href":"https:\/\/buradasin.com.tr\/gezi\/wp-json\/wp\/v2\/media\/11194"}],"wp:attachment":[{"href":"https:\/\/buradasin.com.tr\/gezi\/wp-json\/wp\/v2\/media?parent=6773"}],"wp:term":[{"taxonomy":"category","embeddable":true,"href":"https:\/\/buradasin.com.tr\/gezi\/wp-json\/wp\/v2\/categories?post=6773"},{"taxonomy":"post_tag","embeddable":true,"href":"https:\/\/buradasin.com.tr\/gezi\/wp-json\/wp\/v2\/tags?post=6773"}],"curies":[{"name":"wp","href":"https:\/\/api.w.org\/{rel}","templated":true}]}}