{"id":2041,"date":"2025-02-03T12:17:59","date_gmt":"2025-02-03T09:17:59","guid":{"rendered":"https:\/\/buradasin.com.tr\/radyo\/?p=2041"},"modified":"2025-02-05T11:30:41","modified_gmt":"2025-02-05T08:30:41","slug":"alem-fm","status":"publish","type":"post","link":"https:\/\/buradasin.com.tr\/radyo\/alem-fm\/","title":{"rendered":"Alem Fm"},"content":{"rendered":"<p><img loading=\"lazy\" decoding=\"async\" class=\"aligncenter wp-image-2868\" src=\"https:\/\/buradasin.com.tr\/radyo\/wp-content\/uploads\/2025\/01\/Alem-Fm-300x108-1.png\" alt=\"\" width=\"150\" height=\"54\" \/><\/p>\n    <div class=\"align wp-block-scb-streamcast-block\" id='streamcast-1' data-attributes='{&quot;radioPlayer&quot;:{&quot;playerType&quot;:&quot;minimal&quot;,&quot;streamURL&quot;:&quot;https:\\\/\\\/turkmedya.radyotvonline.net\\\/alemfmaac?&quot;,&quot;streamProvider&quot;:&quot;shout-cast&quot;,&quot;streamPort&quot;:&quot;8000&quot;,&quot;streamMountPoint&quot;:&quot;house.320k.mp3&quot;,&quot;fetchNameFromUrl&quot;:false,&quot;stationName&quot;:&quot;Station Name&quot;,&quot;welcomeMessage&quot;:&quot;Welcome Message&quot;,&quot;artWork&quot;:{&quot;url&quot;:&quot;https:\\\/\\\/templates.bplugins.com\\\/wp-content\\\/uploads\\\/2025\\\/02\\\/streamcast-demo-ultimate-1.png&quot;},&quot;autoPlay&quot;:false,&quot;showTime&quot;:1,&quot;playerPosition&quot;:&quot;center&quot;,&quot;skin&quot;:{&quot;name&quot;:&quot;mcclean&quot;,&quot;width&quot;:180,&quot;height&quot;:60},&quot;initialVolume&quot;:65},&quot;radioStyles&quot;:{&quot;playerWidth&quot;:&quot;1100px&quot;,&quot;ultimate&quot;:{&quot;playerColors&quot;:&quot;theme&quot;,&quot;playerTheme&quot;:&quot;dodgerBlue&quot;,&quot;playerOverlayColor&quot;:&quot;rgba(15, 17, 21, 0.5)&quot;,&quot;thumbnailBorderColor&quot;:&quot;rgba(255, 255, 255, 0.2)&quot;,&quot;contentColor&quot;:&quot;#fff&quot;,&quot;buttonHoverColor&quot;:&quot;orangered&quot;,&quot;progressActiveColor&quot;:&quot;orangered&quot;,&quot;visualizerColor&quot;:&quot;orangered&quot;,&quot;playerBackgroundImg&quot;:&quot;&quot;,&quot;posterImg&quot;:{&quot;url&quot;:&quot;https:\\\/\\\/templates.bplugins.com\\\/wp-content\\\/uploads\\\/2025\\\/02\\\/streamcast-demo-ultimate-1.png&quot;}},&quot;echoStream&quot;:{&quot;bgImg&quot;:{&quot;url&quot;:&quot;https:\\\/\\\/danialsabagh.com\\\/singleaudioplayer\\\/img\\\/radio.jpg&quot;},&quot;blur&quot;:7},&quot;backgroundColor&quot;:&quot;#f09f8b&quot;,&quot;stationName&quot;:{&quot;color&quot;:&quot;white&quot;,&quot;hoverColor&quot;:&quot;&quot;,&quot;typo&quot;:{&quot;fontSize&quot;:{&quot;desktop&quot;:18}},&quot;bgColor&quot;:&quot;#50241b&quot;,&quot;hoverBgColor&quot;:&quot;&quot;},&quot;artistFmName&quot;:{&quot;color&quot;:&quot;white&quot;,&quot;typo&quot;:{&quot;fontSize&quot;:{&quot;desktop&quot;:15}}},&quot;contentColor&quot;:&quot;white&quot;,&quot;playBtnColor&quot;:&quot;red&quot;,&quot;timeStamp&quot;:{&quot;color&quot;:&quot;white&quot;,&quot;hoverColor&quot;:&quot;&quot;,&quot;typo&quot;:{&quot;fontSize&quot;:{&quot;desktop&quot;:18}},&quot;bgColor&quot;:&quot;#50241b&quot;,&quot;hoverBgColor&quot;:&quot;&quot;}},&quot;css&quot;:&quot;\\\/* Your Custom CSS here\\t  *\\\/&quot;,&quot;align&quot;:&quot;&quot;}'><\/div>\r\n\n<p>&nbsp;<\/p>\n<p>13 Ocak 1994 tarihinde t\u00fcm Marmara b\u00f6lgesinde<span><a onclick=\"read_toggle(440457945, 'Devam\u0131n\u0131 Oku', 'Okudum'); return false;\" class=\"read-link\" id=\"readlink440457945\" style=\"readlink\" href=\"#\">Devam\u0131n\u0131 Oku<\/a><\/span>\n<div class=\"read_div\" id=\"read440457945\" style=\"display: none;\"> (\u0130stanbul ve Yalova) 89.2 frekans\u0131ndan yay\u0131n hayat\u0131na ba\u015flayan Alem FM, bug\u00fcn \u00e7o\u00f0unlu\u00f0u 89.2 frekans\u0131ndan olmak \u00fczere 49 ana merkezden T\u00fcrk\u00e7e pop kategorisinde T\u00fcm T\u00fcrkiye&#8217;ye yay\u0131n yapmaktad\u0131r.<\/p>\n<p>Alem FM Dinle,\u00a0 T\u00fcrkiyenin en \u00e7ok Dinlenen ve en \u00e7ok canl\u0131 radyo program\u0131 yapan radyolar\u0131ndan biridir. Slogan\u0131 \u201cT\u00fcrkiye\u2019nin en alem radyosu\u201d. Radyo Frekanslar\u0131, \u0130stanbul-89.2 , Ankara-105.3, \u0130zmir-89.2 ile yay\u0131n yapmakta olan radyo kanal\u0131 geni\u015f bir yay\u0131n a\u011f\u0131na sahiptir.Radyo Alem Fm programlar\u0131 aras\u0131nda, 06:45-09:00 Adem Metan Show,09:00-09:15 Kafa A\u00e7an Uzman,09:15-12:00 B\u00fclent Bayg\u00fcl\u2019le Alem\u2019in En \u0130yileri,17:00-20:00 \u0130zlenecek Bi\u2019\u015fey De\u011fil, ve bir \u00e7ok program\u0131 canl\u0131 olarak dinleyebilirsiniz.<\/p>\n<figure id=\"attachment_2629\" aria-describedby=\"caption-attachment-2629\" style=\"width: 2285px\" class=\"wp-caption aligncenter\"><img loading=\"lazy\" decoding=\"async\" class=\"size-full wp-image-2629\" src=\"https:\/\/buradasin.com.tr\/radyo\/wp-content\/uploads\/2025\/01\/Alem-Fm.jpg\" alt=\"\" width=\"2285\" height=\"839\" srcset=\"https:\/\/buradasin.com.tr\/radyo\/wp-content\/uploads\/2025\/01\/Alem-Fm.jpg 2285w, https:\/\/buradasin.com.tr\/radyo\/wp-content\/uploads\/2025\/01\/Alem-Fm-300x110.jpg 300w, https:\/\/buradasin.com.tr\/radyo\/wp-content\/uploads\/2025\/01\/Alem-Fm-1024x376.jpg 1024w, https:\/\/buradasin.com.tr\/radyo\/wp-content\/uploads\/2025\/01\/Alem-Fm-768x282.jpg 768w, https:\/\/buradasin.com.tr\/radyo\/wp-content\/uploads\/2025\/01\/Alem-Fm-1536x564.jpg 1536w, https:\/\/buradasin.com.tr\/radyo\/wp-content\/uploads\/2025\/01\/Alem-Fm-2048x752.jpg 2048w, https:\/\/buradasin.com.tr\/radyo\/wp-content\/uploads\/2025\/01\/Alem-Fm-360x132.jpg 360w, https:\/\/buradasin.com.tr\/radyo\/wp-content\/uploads\/2025\/01\/Alem-Fm-545x200.jpg 545w, https:\/\/buradasin.com.tr\/radyo\/wp-content\/uploads\/2025\/01\/Alem-Fm-1600x587.jpg 1600w\" sizes=\"auto, (max-width: 2285px) 100vw, 2285px\" \/><figcaption id=\"caption-attachment-2629\" class=\"wp-caption-text\">Alem Fm<\/figcaption><\/figure>\n<p>Canl\u0131 Alem fm Radyo kanal\u0131; pop, rock, rep, arabesk, fantezi alanlarda kar\u0131\u015f\u0131k m\u00fczikleri bizlere sunmaktad\u0131r. M\u00fczik yay\u0131n\u0131n yan\u0131nda yapt\u0131\u011f\u0131 programlarla da keyifli zamanlar ge\u00e7irmemizi sa\u011flamaktad\u0131r. Radyo Kanal\u0131n\u0131 Mobil platformlar\u0131ndan online olarakta dinleyebilirsiniz.<\/p>\n<p>\u0130\u00e7inde st\u00fcdyosunu bar\u0131nd\u0131ran canl\u0131 yay\u0131n arac\u0131 ile\u00a0Alem FM, her daim dinleyicilerinin yan\u0131nda olabilmektedir. Yay\u0131nlar\u0131n\u0131, karasal vericileri d\u0131\u015f\u0131nda DIGITURK, uydu ve alemfm.com \u00fczerinden d\u00fcnyan\u0131n her noktas\u0131ndaki dinleyicileriyle bulu\u015fturmaktad\u0131r. Teknolojik geli\u015fmeleri yak\u0131ndan takip eden Alem FM, en son yay\u0131n teknolojilerini kullanarak d\u00fcnyan\u0131n pek \u00e7ok farkl\u0131 \u00fclkesinden canl\u0131 yay\u0131nlar ger\u00e7ekle\u015ftirmektedir.<\/div>\n","protected":false},"excerpt":{"rendered":"<p>&nbsp; 13 Ocak 1994 tarihinde t\u00fcm Marmara b\u00f6lgesinde<\/p>\n","protected":false},"author":1,"featured_media":0,"comment_status":"open","ping_status":"open","sticky":false,"template":"","format":"standard","meta":{"footnotes":""},"categories":[57],"tags":[],"class_list":["post-2041","post","type-post","status-publish","format-standard","hentry","category-pop"],"aioseo_notices":[],"_links":{"self":[{"href":"https:\/\/buradasin.com.tr\/radyo\/wp-json\/wp\/v2\/posts\/2041","targetHints":{"allow":["GET"]}}],"collection":[{"href":"https:\/\/buradasin.com.tr\/radyo\/wp-json\/wp\/v2\/posts"}],"about":[{"href":"https:\/\/buradasin.com.tr\/radyo\/wp-json\/wp\/v2\/types\/post"}],"author":[{"embeddable":true,"href":"https:\/\/buradasin.com.tr\/radyo\/wp-json\/wp\/v2\/users\/1"}],"replies":[{"embeddable":true,"href":"https:\/\/buradasin.com.tr\/radyo\/wp-json\/wp\/v2\/comments?post=2041"}],"version-history":[{"count":6,"href":"https:\/\/buradasin.com.tr\/radyo\/wp-json\/wp\/v2\/posts\/2041\/revisions"}],"predecessor-version":[{"id":2869,"href":"https:\/\/buradasin.com.tr\/radyo\/wp-json\/wp\/v2\/posts\/2041\/revisions\/2869"}],"wp:attachment":[{"href":"https:\/\/buradasin.com.tr\/radyo\/wp-json\/wp\/v2\/media?parent=2041"}],"wp:term":[{"taxonomy":"category","embeddable":true,"href":"https:\/\/buradasin.com.tr\/radyo\/wp-json\/wp\/v2\/categories?post=2041"},{"taxonomy":"post_tag","embeddable":true,"href":"https:\/\/buradasin.com.tr\/radyo\/wp-json\/wp\/v2\/tags?post=2041"}],"curies":[{"name":"wp","href":"https:\/\/api.w.org\/{rel}","templated":true}]}}